{"id":7018,"date":"2026-09-04T09:45:44","date_gmt":"2026-09-04T06:45:44","guid":{"rendered":"https:\/\/beltsy.info\/?p=7018"},"modified":"2026-09-04T10:57:24","modified_gmt":"2026-09-04T07:57:24","slug":"senzor-de-calitate-a-aerului-la-balti-un-pas-spre-un-oras-mai-curat","status":"publish","type":"post","link":"https:\/\/beltsy.info\/ro\/noutati\/senzor-de-calitate-a-aerului-la-balti-un-pas-spre-un-oras-mai-curat\/","title":{"rendered":"Senzor de calitate a aerului la B\u0103l\u021bi: un pas spre un ora\u0219 mai curat"},"content":{"rendered":"<p><strong>Calitatea aerului<\/strong> influen\u021beaz\u0103 direct s\u0103n\u0103tatea \u0219i starea de bine a fiec\u0103rui locuitor al ora\u0219ului. Tocmai de aceea subiectul <strong>aerului curat<\/strong> este tot mai discutat ast\u0103zi \u2014 iar B\u0103l\u021bi nu face excep\u021bie.<\/p>\n<p>Pe 7 septembrie, \u00eentreaga lume marcheaz\u0103 <strong>Ziua Interna\u021bional\u0103 a Aerului Curat<\/strong> (World Clean Air Day). Aceast\u0103 dat\u0103 a fost instituit\u0103 de Organiza\u021bia Na\u021biunilor Unite \u00een 2019, pentru a atrage aten\u021bia asupra problemei <strong>polu\u0103rii aerului<\/strong> \u0219i pentru a ar\u0103ta ce m\u0103suri contribuie la un cer mai curat deasupra ora\u0219elor.<\/p>\n<h2>VADSTUDIO a instalat singurul senzor de calitate a aerului din B\u0103l\u021bi<\/h2>\n<p>Compania VADSTUDIO a f\u0103cut un pas important pentru <strong>ecologia ora\u0219ului B\u0103l\u021bi<\/strong> a instalat un <strong>senzor de calitate a aerului<\/strong>, care r\u0103m\u00e2ne, p\u00e2n\u0103 \u00een prezent, singurul din ora\u0219. Dispozitivul monitorizeaz\u0103 nivelul de poluare \u00een timp real, ajut\u00e2nd locuitorii \u0219i serviciile municipale s\u0103 ob\u021bin\u0103 date actuale despre starea aerului.<\/p>\n<p>Acesta este primul proiect de acest fel din B\u0103l\u021bi \u0219i deschide calea c\u0103tre o atitudine mai responsabil\u0103 fa\u021b\u0103 de situa\u021bia ecologic\u0103 din ora\u0219.<\/p>\n<h2>Ziua Mondial\u0103 a Aerului Curat: cum po\u021bi participa la B\u0103l\u021bi<\/h2>\n<p>Oricine se poate al\u0103tura Zilei Aerului Curat:<\/p>\n<ul>\n<li>Urm\u0103re\u0219te indicatorii <strong>calit\u0103\u021bii aerului<\/strong> din ora\u0219ul t\u0103u<\/li>\n<li>Vorbe\u0219te cu prietenii \u0219i familia despre importan\u021ba <strong>aerului curat<\/strong><\/li>\n<li>Sus\u021bine ini\u021biativele de reducere a <strong>polu\u0103rii aerului<\/strong><\/li>\n<li>Folose\u0219te datele disponibile de la senzori pentru a-\u021bi planifica plimb\u0103rile<\/li>\n<\/ul>\n<h2>Cum po\u021bi \u00eembun\u0103t\u0103\u021bi calitatea aerului: obiceiuri simple \u00een fiecare zi<\/h2>\n<p>Nu este nevoie s\u0103 a\u0219tep\u021bi o dat\u0103 special\u0103 pentru a avea grij\u0103 de <strong>mediu<\/strong>. Iat\u0103 c\u00e2\u021biva pa\u0219i simpli:<\/p>\n<ul>\n<li>Alege mai des mersul pe jos sau cu bicicleta \u00een locul ma\u0219inii<\/li>\n<li>Economise\u0219te energia electric\u0103 acas\u0103<\/li>\n<li>Sus\u021bine spa\u021biile verzi din curte<\/li>\n<li>Renun\u021b\u0103 la arderea gunoiului \u0219i a frunzelor<\/li>\n<\/ul>\n<p>Instalarea <strong>senzorului de calitate a aerului<\/strong> de c\u0103tre compania <strong>VADSTUDIO<\/strong> este un exemplu important al modului \u00een care ini\u021biativele locale contribuie la protejarea <strong>mediului la B\u0103l\u021bi<\/strong>. Iar <strong>Ziua Interna\u021bional\u0103 a Aerului Curat<\/strong>, marcat\u0103 pe 7 septembrie, este un prilej excelent de a ne aminti c\u0103 un cer curat \u00eencepe cu ac\u021biunile fiec\u0103ruia dintre noi.<\/p>\n","protected":false},"excerpt":{"rendered":"<p>Compania VADSTUDIO a instalat primul \u0219i singurul senzor de calitate a aerului din B\u0103l\u021bi. Cum schimb\u0103 acest lucru ora\u0219ul?<\/p>\n","protected":false},"author":18,"featured_media":7015,"comment_status":"closed","ping_status":"closed","sticky":false,"template":"","format":"standard","meta":{"footnotes":""},"categories":[494],"tags":[596,595,597,598],"class_list":["post-7018","post","type-post","status-publish","format-standard","has-post-thumbnail","hentry","category-noutati","tag-aer-curat","tag-calitatea-aerului","tag-ecologia-balti","tag-senzor-de-calitate-a-aerului"],"aioseo_notices":[],"_links":{"self":[{"href":"https:\/\/beltsy.info\/ro\/wp-json\/wp\/v2\/posts\/7018","targetHints":{"allow":["GET"]}}],"collection":[{"href":"https:\/\/beltsy.info\/ro\/wp-json\/wp\/v2\/posts"}],"about":[{"href":"https:\/\/beltsy.info\/ro\/wp-json\/wp\/v2\/types\/post"}],"author":[{"embeddable":true,"href":"https:\/\/beltsy.info\/ro\/wp-json\/wp\/v2\/users\/18"}],"replies":[{"embeddable":true,"href":"https:\/\/beltsy.info\/ro\/wp-json\/wp\/v2\/comments?post=7018"}],"version-history":[{"count":2,"href":"https:\/\/beltsy.info\/ro\/wp-json\/wp\/v2\/posts\/7018\/revisions"}],"predecessor-version":[{"id":7020,"href":"https:\/\/beltsy.info\/ro\/wp-json\/wp\/v2\/posts\/7018\/revisions\/7020"}],"wp:featuredmedia":[{"embeddable":true,"href":"https:\/\/beltsy.info\/ro\/wp-json\/wp\/v2\/media\/7015"}],"wp:attachment":[{"href":"https:\/\/beltsy.info\/ro\/wp-json\/wp\/v2\/media?parent=7018"}],"wp:term":[{"taxonomy":"category","embeddable":true,"href":"https:\/\/beltsy.info\/ro\/wp-json\/wp\/v2\/categories?post=7018"},{"taxonomy":"post_tag","embeddable":true,"href":"https:\/\/beltsy.info\/ro\/wp-json\/wp\/v2\/tags?post=7018"}],"curies":[{"name":"wp","href":"https:\/\/api.w.org\/{rel}","templated":true}]}}